{"id":414,"date":"2019-08-28T12:03:27","date_gmt":"2019-08-28T15:03:27","guid":{"rendered":"http:\/\/hauser.site\/arq\/?p=414"},"modified":"2020-10-30T15:33:32","modified_gmt":"2020-10-30T18:33:32","slug":"alma-duc","status":"publish","type":"post","link":"https:\/\/hauser.site\/arq\/alma-duc\/","title":{"rendered":"ALMA DUC"},"content":{"rendered":"[vc_row full_width=\u00bbstretch_row_content_no_spaces\u00bb][vc_column][vc_single_image image=\u00bb437&#8243; alignment=\u00bbcenter\u00bb][\/vc_column][\/vc_row][vc_row][vc_column][vc_column_text]\n<h1 style=\"text-align: center;\">ALMA DUC<\/h1>\n[\/vc_column_text][\/vc_column][\/vc_row][vc_row][vc_column width=\u00bb1\/3&#8243;][vc_column_text]\n<p style=\"text-align: center;\"><span style=\"font-size: 16px; color: #000000;\"><strong>Tipolog\u00eda<\/strong><\/span><\/p>\n[\/vc_column_text][vc_column_text]\n<p style=\"text-align: center;\">VIVIENDA + CORPORATIVO<\/p>\n[\/vc_column_text][\/vc_column][vc_column width=\u00bb1\/3&#8243;][vc_column_text]\n<p style=\"text-align: center;\"><span style=\"font-size: 16px; color: #000000;\"><strong>Superficie<\/strong><\/span><\/p>\n[\/vc_column_text][vc_column_text]\n<p style=\"text-align: center;\">12.500 m2<\/p>\n[\/vc_column_text][\/vc_column][vc_column width=\u00bb1\/3&#8243;][vc_column_text]\n<p style=\"text-align: center;\"><span style=\"font-size: 16px; color: #000000;\"><strong>Usuarios<\/strong><\/span><\/p>\n[\/vc_column_text][vc_column_text]\n<p style=\"text-align: center;\">434<\/p>\n[\/vc_column_text][\/vc_column][\/vc_row][vc_row][vc_column][vc_separator color=\u00bbcustom\u00bb accent_color=\u00bb#20221d\u00bb][\/vc_column][\/vc_row][vc_row][vc_column width=\u00bb1\/3&#8243;][vc_single_image image=\u00bb1971&#8243; img_size=\u00bb380 x 250&#8243; alignment=\u00bbcenter\u00bb][\/vc_column][vc_column width=\u00bb1\/3&#8243;][vc_column_text]Status[\/vc_column_text][vc_column_text]<span style=\"font-size: 16px;\"><strong>En construcci\u00f3n<br \/>\n<\/strong><\/span>[\/vc_column_text][vc_empty_space][vc_column_text]Arquitectos[\/vc_column_text][vc_column_text]<span style=\"font-size: 16px;\"><strong>\u00a0Carlos Ferrater, Lucia Ferrater,Germ\u00e1n Hauser<br \/>\n<\/strong><\/span>[\/vc_column_text][\/vc_column][vc_column width=\u00bb1\/3&#8243;][vc_column_text]A\u00f1o[\/vc_column_text][vc_column_text]<span style=\"font-size: 16px;\"><strong>2018<\/strong><\/span>[\/vc_column_text][vc_empty_space][vc_column_text]Programa[\/vc_column_text][vc_column_text]<span style=\"font-size: 16px;\"><strong>Edificio de Viviendas y locales comerciales, sky restaurant<\/strong><\/span>[\/vc_column_text][\/vc_column][\/vc_row][vc_row][vc_column width=\u00bb1\/3&#8243;][vc_column_text]Ubicaci\u00f3n[\/vc_column_text][vc_column_text]<span style=\"font-size: 16px;\"><strong>Ciudad Vieja, Montevideo, Uruguay<\/strong><\/span>[\/vc_column_text][vc_empty_space][vc_column_text][\/vc_column_text][\/vc_column][vc_column width=\u00bb2\/3&#8243;][vc_column_text]El proyecto se encuentra emplazado frente a la calle Ciudadela, en coincidencia con el l\u00edmite de la Ciudad Vieja de Montevideo.<\/p>\n<p>Este sector de la ciudad est\u00e1 viviendo una reconversi\u00f3n similar a la que atravesaron y atraviesan varias ciudades capitales a nivel mundial, como es el caso de Barcelona, Santiago de Chile, La Habana, Bilbao, entre otras.<\/p>\n<p>Estos centros urbanos han ido redefiniendo sus usos a lo largo del tiempo, pasando por diferentes etapas de auge y abandono.<\/p>\n[\/vc_column_text][vc_tta_accordion c_icon=\u00bbchevron\u00bb c_position=\u00bbright\u00bb active_section=\u00bb1000&#8243; collapsible_all=\u00bbtrue\u00bb][vc_tta_section title=\u00bbContinuar leyendo\u00bb tab_id=\u00bbleer-mas\u00bb][vc_column_text]Volum\u00e9tricamente, dada la baja altura de una de sus medianeras, el Bar Tasende, el edificio propone la eliminaci\u00f3n de ella mediante la incorporaci\u00f3n de un pasaje, generando as\u00ed una nueva fachada a la ciudad.<\/p>\n<p>Adem\u00e1s, nuestra propuesta plantea la necesidad de aumentar la oferta de diferentes servicios en el \u00e1rea, valorizando la consolidaci\u00f3n de esta tendencia en la que los centros urbanos se dotan de todos los usos con el fin de aportar densidad al \u00e1rea y promoviendo al barrio vida y actividad las 24hs.<\/p>\n<p>Con este fin, el proyecto se centra en la integraci\u00f3n de diversos usos en un complejo \u00fanico, generando una especie de micro ciudad, un sistema en la que coexisten y se complementan diversos usos tales como viviendas, aparcamiento, locales comerciales, oficinas, espacios comunitarios, jardines, espacios de restauraci\u00f3n, as\u00ed como tambi\u00e9n un mirador a la ciudad.<\/p>\n<p>Las viviendas proyectadas cuentan con uno, dos y tres dormitorios, distribuidos en 12 niveles y con espacios de uso com\u00fan tanto interiores como exteriores.<\/p>\n<p>Por su parte, las oficinas ser\u00e1n de aproximadamente 130m<sup>2<\/sup> cada una, a las que se accede a trav\u00e9s de dos ascensores y una escalera independiente a las de las viviendas.<\/p>\n<p>Con acceso directo por el mismo n\u00facleo que abastece las oficinas, se ubica el SKY BAR con Terraza p\u00fablica. \u00c9sta funcionar\u00e1 como un mirador de la Ciudad Vieja.<\/p>\n<p>&nbsp;<\/p>\n<p>La planta baja, dada la diferencia de cota entre los extremos de la parcela se desdobla en dos plantas en las que se ubican los accesos al estacionamiento y dos grandes locales comerciales en la cota m\u00e1s baja, mientras que el acceso a las viviendas y oficinas se produce por el nivel m\u00e1s alto de la calle Ciudadela.<\/p>\n<p>El aprovechamiento en altura producto del escalonado propuesto compensa de alg\u00fan modo el \u00e1rea edificable cedida, ya sea por la decisi\u00f3n de producir el retiro lateral hacia el bar Tasende generando un pasaje, o bien por la relaci\u00f3n planteada con el edificio en altura.<\/p>\n<p>El escalonado desarrollado en el coronamiento nos permite dotar al proyecto de terrazas de uso comunitario, privadas y p\u00fablicas.<\/p>\n<p>&nbsp;<\/p>\n<p><strong>SUSTENTABILIDAD<\/strong><\/p>\n<p>El edificio cuenta con todas sus unidades funcionales, ya sea viviendas u oficinas, con al menos dos orientaciones, garantizando espacios bien ventilados (ventilaci\u00f3n cruzada) e iluminados naturalmente. A su vez tendr\u00e1 ventanas con doble vidriado herm\u00e9tico.<\/p>\n<p>Cumple con el objetivo de garantizar al menos una hora de sol en todos los est\u00e1ndares y\/o dormitorios en invierno.<\/p>\n<p>El proyecto propone un jard\u00edn en primer nivel de 175m<sup>2<\/sup> que aportar\u00e1 un espacio abierto y con vegetaci\u00f3n al coraz\u00f3n de la manzana, y contar\u00e1 tambi\u00e9n con captaci\u00f3n de aguas de lluvia para riego y con la preinstalaci\u00f3n para calentamiento de agua solar.[\/vc_column_text][\/vc_tta_section][\/vc_tta_accordion][\/vc_column][\/vc_row][vc_row][vc_column][vc_column_text][\/vc_column_text]<div class=\"vcex-module vcex-image-grid wpex-row wpex-clr grid-style-default\"><div class=\"id-2418 vcex-image-grid-entry span_1_of_1 col col-1\"><figure class=\"vcex-image-grid-entry-figure wpex-clr\"><div class=\"vcex-image-grid-entry-img wpex-clr\"><img width=\"1280\" height=\"771\" src=\"https:\/\/hauser.site\/arq\/wp-content\/uploads\/2019\/08\/03.jpg\" class=\"attachment-full size-full\" alt=\"\" loading=\"lazy\" srcset=\"https:\/\/hauser.site\/arq\/wp-content\/uploads\/2019\/08\/03.jpg 1280w, https:\/\/hauser.site\/arq\/wp-content\/uploads\/2019\/08\/03-300x181.jpg 300w, https:\/\/hauser.site\/arq\/wp-content\/uploads\/2019\/08\/03-768x463.jpg 768w, https:\/\/hauser.site\/arq\/wp-content\/uploads\/2019\/08\/03-1024x617.jpg 1024w\" sizes=\"(max-width: 1280px) 100vw, 1280px\" \/><\/div><\/figure><\/div><div class=\"id-419 vcex-image-grid-entry span_1_of_1 col col-1\"><figure class=\"vcex-image-grid-entry-figure wpex-clr\"><div class=\"vcex-image-grid-entry-img wpex-clr\"><img width=\"1280\" height=\"771\" src=\"https:\/\/hauser.site\/arq\/wp-content\/uploads\/2019\/08\/1-3.jpg\" class=\"attachment-full size-full\" alt=\"\" loading=\"lazy\" srcset=\"https:\/\/hauser.site\/arq\/wp-content\/uploads\/2019\/08\/1-3.jpg 1280w, https:\/\/hauser.site\/arq\/wp-content\/uploads\/2019\/08\/1-3-300x181.jpg 300w, https:\/\/hauser.site\/arq\/wp-content\/uploads\/2019\/08\/1-3-768x463.jpg 768w, https:\/\/hauser.site\/arq\/wp-content\/uploads\/2019\/08\/1-3-1024x617.jpg 1024w\" sizes=\"(max-width: 1280px) 100vw, 1280px\" \/><\/div><\/figure><\/div><div class=\"id-421 vcex-image-grid-entry span_1_of_1 col col-1\"><figure class=\"vcex-image-grid-entry-figure wpex-clr\"><div class=\"vcex-image-grid-entry-img wpex-clr\"><img width=\"1280\" height=\"771\" src=\"https:\/\/hauser.site\/arq\/wp-content\/uploads\/2019\/08\/2-y-3.jpg\" class=\"attachment-full size-full\" alt=\"\" loading=\"lazy\" srcset=\"https:\/\/hauser.site\/arq\/wp-content\/uploads\/2019\/08\/2-y-3.jpg 1280w, https:\/\/hauser.site\/arq\/wp-content\/uploads\/2019\/08\/2-y-3-300x181.jpg 300w, https:\/\/hauser.site\/arq\/wp-content\/uploads\/2019\/08\/2-y-3-768x463.jpg 768w, https:\/\/hauser.site\/arq\/wp-content\/uploads\/2019\/08\/2-y-3-1024x617.jpg 1024w\" sizes=\"(max-width: 1280px) 100vw, 1280px\" \/><\/div><\/figure><\/div><div class=\"id-423 vcex-image-grid-entry span_1_of_1 col col-1\"><figure class=\"vcex-image-grid-entry-figure wpex-clr\"><div class=\"vcex-image-grid-entry-img wpex-clr\"><img width=\"1280\" height=\"771\" src=\"https:\/\/hauser.site\/arq\/wp-content\/uploads\/2019\/08\/4-1.jpg\" class=\"attachment-full size-full\" alt=\"\" loading=\"lazy\" srcset=\"https:\/\/hauser.site\/arq\/wp-content\/uploads\/2019\/08\/4-1.jpg 1280w, https:\/\/hauser.site\/arq\/wp-content\/uploads\/2019\/08\/4-1-300x181.jpg 300w, https:\/\/hauser.site\/arq\/wp-content\/uploads\/2019\/08\/4-1-768x463.jpg 768w, https:\/\/hauser.site\/arq\/wp-content\/uploads\/2019\/08\/4-1-1024x617.jpg 1024w\" sizes=\"(max-width: 1280px) 100vw, 1280px\" \/><\/div><\/figure><\/div><div class=\"id-425 vcex-image-grid-entry span_1_of_1 col col-1\"><figure class=\"vcex-image-grid-entry-figure wpex-clr\"><div class=\"vcex-image-grid-entry-img wpex-clr\"><img width=\"1280\" height=\"771\" src=\"https:\/\/hauser.site\/arq\/wp-content\/uploads\/2019\/08\/5-1.jpg\" class=\"attachment-full size-full\" alt=\"\" loading=\"lazy\" srcset=\"https:\/\/hauser.site\/arq\/wp-content\/uploads\/2019\/08\/5-1.jpg 1280w, https:\/\/hauser.site\/arq\/wp-content\/uploads\/2019\/08\/5-1-300x181.jpg 300w, https:\/\/hauser.site\/arq\/wp-content\/uploads\/2019\/08\/5-1-768x463.jpg 768w, https:\/\/hauser.site\/arq\/wp-content\/uploads\/2019\/08\/5-1-1024x617.jpg 1024w\" sizes=\"(max-width: 1280px) 100vw, 1280px\" \/><\/div><\/figure><\/div><div class=\"id-427 vcex-image-grid-entry span_1_of_1 col col-1\"><figure class=\"vcex-image-grid-entry-figure wpex-clr\"><div class=\"vcex-image-grid-entry-img wpex-clr\"><img width=\"1280\" height=\"771\" src=\"https:\/\/hauser.site\/arq\/wp-content\/uploads\/2019\/08\/6-1.jpg\" class=\"attachment-full size-full\" alt=\"\" loading=\"lazy\" srcset=\"https:\/\/hauser.site\/arq\/wp-content\/uploads\/2019\/08\/6-1.jpg 1280w, https:\/\/hauser.site\/arq\/wp-content\/uploads\/2019\/08\/6-1-300x181.jpg 300w, https:\/\/hauser.site\/arq\/wp-content\/uploads\/2019\/08\/6-1-768x463.jpg 768w, https:\/\/hauser.site\/arq\/wp-content\/uploads\/2019\/08\/6-1-1024x617.jpg 1024w\" sizes=\"(max-width: 1280px) 100vw, 1280px\" \/><\/div><\/figure><\/div><div class=\"id-429 vcex-image-grid-entry span_1_of_1 col col-1\"><figure class=\"vcex-image-grid-entry-figure wpex-clr\"><div class=\"vcex-image-grid-entry-img wpex-clr\"><img width=\"1280\" height=\"771\" src=\"https:\/\/hauser.site\/arq\/wp-content\/uploads\/2019\/08\/7-1.jpg\" class=\"attachment-full size-full\" alt=\"\" loading=\"lazy\" srcset=\"https:\/\/hauser.site\/arq\/wp-content\/uploads\/2019\/08\/7-1.jpg 1280w, https:\/\/hauser.site\/arq\/wp-content\/uploads\/2019\/08\/7-1-300x181.jpg 300w, https:\/\/hauser.site\/arq\/wp-content\/uploads\/2019\/08\/7-1-768x463.jpg 768w, https:\/\/hauser.site\/arq\/wp-content\/uploads\/2019\/08\/7-1-1024x617.jpg 1024w\" sizes=\"(max-width: 1280px) 100vw, 1280px\" \/><\/div><\/figure><\/div><\/div>[vc_empty_space height=\u00bb60px\u00bb][\/vc_column][\/vc_row][vc_row][vc_column width=\u00bb1\/6&#8243;][\/vc_column][vc_column width=\u00bb2\/3&#8243;]<div class=\"owl-wrapper-outer\"><div class=\"vcex-module wpex-carousel wpex-carousel-images clr owl-carousel arrwstyle-default arrwpos-abs\" data-items=\"1\" data-slideby=\"1\" data-nav=\"true\" data-dots=\"false\" data-autoplay=\"true\" data-loop=\"true\" data-autoplay-timeout=\"5000\" data-center=\"false\" data-margin=\"15\" data-items-tablet=\"1\" data-items-mobile-landscape=\"1\" data-items-mobile-portrait=\"1\" data-smart-speed=\"150\" data-auto-height=\"true\" data-auto-width=\"false\"><div class=\"wpex-carousel-slide\"><figure class=\"wpex-carousel-entry-media clr\"><img width=\"1280\" height=\"771\" src=\"https:\/\/hauser.site\/arq\/wp-content\/uploads\/2019\/08\/ALMA-DUC-PLANTA-BAJA.jpg\" class=\"attachment-full size-full\" alt=\"\" loading=\"lazy\" data-no-lazy=\"1\" srcset=\"https:\/\/hauser.site\/arq\/wp-content\/uploads\/2019\/08\/ALMA-DUC-PLANTA-BAJA.jpg 1280w, https:\/\/hauser.site\/arq\/wp-content\/uploads\/2019\/08\/ALMA-DUC-PLANTA-BAJA-300x181.jpg 300w, https:\/\/hauser.site\/arq\/wp-content\/uploads\/2019\/08\/ALMA-DUC-PLANTA-BAJA-1024x617.jpg 1024w, https:\/\/hauser.site\/arq\/wp-content\/uploads\/2019\/08\/ALMA-DUC-PLANTA-BAJA-768x463.jpg 768w\" sizes=\"(max-width: 1280px) 100vw, 1280px\" \/><\/figure><\/div><div class=\"wpex-carousel-slide\"><figure class=\"wpex-carousel-entry-media clr\"><img width=\"1280\" height=\"771\" src=\"https:\/\/hauser.site\/arq\/wp-content\/uploads\/2019\/08\/ALMA-DUC-PLANTA-TIPO.jpg\" class=\"attachment-full size-full\" alt=\"\" loading=\"lazy\" data-no-lazy=\"1\" srcset=\"https:\/\/hauser.site\/arq\/wp-content\/uploads\/2019\/08\/ALMA-DUC-PLANTA-TIPO.jpg 1280w, https:\/\/hauser.site\/arq\/wp-content\/uploads\/2019\/08\/ALMA-DUC-PLANTA-TIPO-300x181.jpg 300w, https:\/\/hauser.site\/arq\/wp-content\/uploads\/2019\/08\/ALMA-DUC-PLANTA-TIPO-1024x617.jpg 1024w, https:\/\/hauser.site\/arq\/wp-content\/uploads\/2019\/08\/ALMA-DUC-PLANTA-TIPO-768x463.jpg 768w\" sizes=\"(max-width: 1280px) 100vw, 1280px\" \/><\/figure><\/div><div class=\"wpex-carousel-slide\"><figure class=\"wpex-carousel-entry-media clr\"><img width=\"1280\" height=\"771\" src=\"https:\/\/hauser.site\/arq\/wp-content\/uploads\/2019\/08\/3-1.jpg\" class=\"attachment-full size-full\" alt=\"\" loading=\"lazy\" data-no-lazy=\"1\" srcset=\"https:\/\/hauser.site\/arq\/wp-content\/uploads\/2019\/08\/3-1.jpg 1280w, https:\/\/hauser.site\/arq\/wp-content\/uploads\/2019\/08\/3-1-300x181.jpg 300w, https:\/\/hauser.site\/arq\/wp-content\/uploads\/2019\/08\/3-1-768x463.jpg 768w, https:\/\/hauser.site\/arq\/wp-content\/uploads\/2019\/08\/3-1-1024x617.jpg 1024w\" sizes=\"(max-width: 1280px) 100vw, 1280px\" \/><\/figure><\/div><\/div><\/div>[\/vc_column][vc_column width=\u00bb1\/6&#8243;][\/vc_column][\/vc_row][vc_row][vc_column][vc_raw_js]JTNDc2NyaXB0JTNFJTIwJTBBJTBBdmFyJTIwbGVlck1hcyUyMCUzRCUyMGRvY3VtZW50LmdldEVsZW1lbnRCeUlkJTI4JTIybGVlci1tYXMlMjIlMjklM0IlMEFsZWVyTWFzLmFkZEV2ZW50TGlzdGVuZXIlMjglMjJjbGljayUyMiUyQyUyMG9jdWx0YXIlMjklM0IlMEElMEFmdW5jdGlvbiUyMG9jdWx0YXIlMjglMjklN0IlMEF2YXIlMjBhJTIwJTNEJTIwbGVlck1hcy5nZXRFbGVtZW50c0J5VGFnTmFtZSUyOCUyMmElMjIlMjklNUIwJTVEJTNCJTBBYS5zdHlsZS5kaXNwbGF5JTIwJTNEJTIwJTIybm9uZSUyMiUzQiUwQSU3RCUwQSUwQSUzQyUyRnNjcmlwdCUzRQ==[\/vc_raw_js][\/vc_column][\/vc_row]\n","protected":false},"excerpt":{"rendered":"<p>[vc_row full_width=\u00bbstretch_row_content_no_spaces\u00bb][vc_column][vc_single_image image=\u00bb437&#8243; alignment=\u00bbcenter\u00bb][\/vc_column][\/vc_row][vc_row][vc_column][vc_column_text] ALMA DUC [\/vc_column_text][\/vc_column][\/vc_row][vc_row][vc_column width=\u00bb1\/3&#8243;][vc_column_text] Tipolog\u00eda [\/vc_column_text][vc_column_text] VIVIENDA + CORPORATIVO [\/vc_column_text][\/vc_column][vc_column width=\u00bb1\/3&#8243;][vc_column_text] Superficie [\/vc_column_text][vc_column_text] 12.500 m2 [\/vc_column_text][\/vc_column][vc_column width=\u00bb1\/3&#8243;][vc_column_text] Usuarios [\/vc_column_text][vc_column_text] 434 [\/vc_column_text][\/vc_column][\/vc_row][vc_row][vc_column][vc_separator color=\u00bbcustom\u00bb accent_color=\u00bb#20221d\u00bb][\/vc_column][\/vc_row][vc_row][vc_column width=\u00bb1\/3&#8243;][vc_single_image image=\u00bb1971&#8243; img_size=\u00bb380 x 250&#8243; alignment=\u00bbcenter\u00bb][\/vc_column][vc_column width=\u00bb1\/3&#8243;][vc_column_text]Status[\/vc_column_text][vc_column_text]En construcci\u00f3n [\/vc_column_text][vc_empty_space][vc_column_text]Arquitectos[\/vc_column_text][vc_column_text]\u00a0Carlos Ferrater, Lucia Ferrater,Germ\u00e1n Hauser&hellip;<\/p>\n","protected":false},"author":1,"featured_media":1971,"comment_status":"open","ping_status":"open","sticky":false,"template":"","format":"standard","meta":[],"categories":[6,3,7,13,17,11,15],"tags":[],"_links":{"self":[{"href":"https:\/\/hauser.site\/arq\/wp-json\/wp\/v2\/posts\/414"}],"collection":[{"href":"https:\/\/hauser.site\/arq\/wp-json\/wp\/v2\/posts"}],"about":[{"href":"https:\/\/hauser.site\/arq\/wp-json\/wp\/v2\/types\/post"}],"author":[{"embeddable":true,"href":"https:\/\/hauser.site\/arq\/wp-json\/wp\/v2\/users\/1"}],"replies":[{"embeddable":true,"href":"https:\/\/hauser.site\/arq\/wp-json\/wp\/v2\/comments?post=414"}],"version-history":[{"count":18,"href":"https:\/\/hauser.site\/arq\/wp-json\/wp\/v2\/posts\/414\/revisions"}],"predecessor-version":[{"id":3307,"href":"https:\/\/hauser.site\/arq\/wp-json\/wp\/v2\/posts\/414\/revisions\/3307"}],"wp:featuredmedia":[{"embeddable":true,"href":"https:\/\/hauser.site\/arq\/wp-json\/wp\/v2\/media\/1971"}],"wp:attachment":[{"href":"https:\/\/hauser.site\/arq\/wp-json\/wp\/v2\/media?parent=414"}],"wp:term":[{"taxonomy":"category","embeddable":true,"href":"https:\/\/hauser.site\/arq\/wp-json\/wp\/v2\/categories?post=414"},{"taxonomy":"post_tag","embeddable":true,"href":"https:\/\/hauser.site\/arq\/wp-json\/wp\/v2\/tags?post=414"}],"curies":[{"name":"wp","href":"https:\/\/api.w.org\/{rel}","templated":true}]}}